{"id":112,"date":"2021-06-08T15:56:00","date_gmt":"2021-06-08T15:56:00","guid":{"rendered":"https:\/\/karin-single.de\/?p=112"},"modified":"2021-07-06T16:04:30","modified_gmt":"2021-07-06T16:04:30","slug":"kirche-hat-relevanz","status":"publish","type":"post","link":"https:\/\/karin-single.de\/?p=112","title":{"rendered":"Kirche hat Relevanz!"},"content":{"rendered":"\n<p>Noch im Mai hatte ich die Gelegenheit mich mit den Pastoren Andreas Ulmer, Oliver Flanz und J\u00fcrgen Harting in der <a href=\"https:\/\/www.facebook.com\/JohannesGemeinde\/\">Johannes-Gemeinde<\/a> M\u00fcden (Aller) zu treffen. Schnell fanden wir Gespr\u00e4chsthemen die uns alle besch\u00e4ftigen. Die Kirchen in der SG Meinersen arbeiten in einer evangelischen Allianz gut zusammen. Die aktiven Christen vertreten Gemeinden mit eigenen Profilen, gezeichnet von Unterscheidung und Erg\u00e4nzung. Aber stark durch die gegenseitige Unterst\u00fctzung und Wertsch\u00e4tzung. <\/p>\n\n\n\n<p>Corona ist eine Z\u00e4sur, in der jede Gemeinde ihr eigenes Angebot finden musste, als Spiegelbild zu dem was in der Gesellschaft passiert. Es gab ein Querschnitt von Diskussionen, in denen der Dialog wichtig war, es gab vieles zu ordnen. Kirche hat Relevanz, muss pr\u00e4sent und f\u00fcr jeden da sein. Die Ehrenamtlichen sind ihnen sehr wichtig, ihre Leidenschaft macht erst soviel m\u00f6glich. Es geht um Wertevermittlung, Wertsch\u00e4tzung und N\u00e4chstenliebe. Sie investieren in alle Generationen, die Zielgruppen aber immer im Blick. Sie wissen Kinder und Jugendliche brauchen verl\u00e4ssliche Orte, sonst gehen sie an unverl\u00e4ssliche. <\/p>\n\n\n\n<p>Eine Zusammenarbeit auf Augenh\u00f6he in der sie gerne unterst\u00fctzen, eingeladen werden, mit am Tisch sitzen &#8211; das w\u00fcnschen sie sich vom Samtgemeindeb\u00fcrgermeister. Mit einem gemeinsamen Gebet mache ich mich wieder auf den Weg, gef\u00fcllt mit vielen guten Gedanken. <\/p>\n\n\n\n<p>Danke euch f\u00fcr Euer gro\u00dfes Engagement!<\/p>\n","protected":false},"excerpt":{"rendered":"<p>Noch im Mai hatte ich die Gelegenheit mich mit den Pastoren Andreas Ulmer, Oliver Flanz und J\u00fcrgen Harting in der Johannes-Gemeinde M\u00fcden (Aller) zu treffen. Schnell fanden wir Gespr\u00e4chsthemen die uns alle besch\u00e4ftigen. Die Kirchen in der SG Meinersen arbeiten in einer evangelischen Allianz gut zusammen. Die aktiven Christen vertreten Gemeinden mit eigenen Profilen, gezeichnet [&hellip;]<\/p>\n","protected":false},"author":2,"featured_media":113,"comment_status":"open","ping_status":"closed","sticky":false,"template":"","format":"standard","meta":{"footnotes":""},"categories":[6],"tags":[42,38,25,23,40],"class_list":["post-112","post","type-post","status-publish","format-standard","has-post-thumbnail","hentry","category-geschichten","tag-johannes-gemeinde","tag-kirche","tag-meinersen-2","tag-mueden-aller","tag-samtgemeinde-meinersen"],"_links":{"self":[{"href":"https:\/\/karin-single.de\/index.php?rest_route=\/wp\/v2\/posts\/112","targetHints":{"allow":["GET"]}}],"collection":[{"href":"https:\/\/karin-single.de\/index.php?rest_route=\/wp\/v2\/posts"}],"about":[{"href":"https:\/\/karin-single.de\/index.php?rest_route=\/wp\/v2\/types\/post"}],"author":[{"embeddable":true,"href":"https:\/\/karin-single.de\/index.php?rest_route=\/wp\/v2\/users\/2"}],"replies":[{"embeddable":true,"href":"https:\/\/karin-single.de\/index.php?rest_route=%2Fwp%2Fv2%2Fcomments&post=112"}],"version-history":[{"count":1,"href":"https:\/\/karin-single.de\/index.php?rest_route=\/wp\/v2\/posts\/112\/revisions"}],"predecessor-version":[{"id":114,"href":"https:\/\/karin-single.de\/index.php?rest_route=\/wp\/v2\/posts\/112\/revisions\/114"}],"wp:featuredmedia":[{"embeddable":true,"href":"https:\/\/karin-single.de\/index.php?rest_route=\/wp\/v2\/media\/113"}],"wp:attachment":[{"href":"https:\/\/karin-single.de\/index.php?rest_route=%2Fwp%2Fv2%2Fmedia&parent=112"}],"wp:term":[{"taxonomy":"category","embeddable":true,"href":"https:\/\/karin-single.de\/index.php?rest_route=%2Fwp%2Fv2%2Fcategories&post=112"},{"taxonomy":"post_tag","embeddable":true,"href":"https:\/\/karin-single.de\/index.php?rest_route=%2Fwp%2Fv2%2Ftags&post=112"}],"curies":[{"name":"wp","href":"https:\/\/api.w.org\/{rel}","templated":true}]}}